
{"id":3093,"date":"2026-09-04T13:18:19","date_gmt":"2026-09-04T11:18:19","guid":{"rendered":"https:\/\/izba.wroclawska.komornik.pl\/?p=3093"},"modified":"2026-09-04T13:22:31","modified_gmt":"2026-09-04T11:22:31","slug":"iii-konferencja-podatkowa","status":"publish","type":"post","link":"https:\/\/izba.wroclawska.komornik.pl\/?p=3093","title":{"rendered":"III Konferencja Podatkowa"},"content":{"rendered":"<p style=\"text-align: center;\"><strong>III Konferencja Podatkowa pt. \u201eDzia\u0142alno\u015b\u0107 gospodarcza w prawie podatkowym\u201d 15 pa\u017adziernika 2026 r.<\/strong><\/p>\n<p style=\"text-align: center;\">Zapraszamy na <strong>III Konferencj\u0119 Podatkow\u0105 pt. \u201eDzia\u0142alno\u015b\u0107 gospodarcza w prawie podatkowym\u201d<\/strong>, kt\u00f3ra odb\u0119dzie si\u0119 <strong>15 pa\u017adziernika 2026 r. <\/strong>w <strong>sali 2D<\/strong> <strong>budynku D Wydzia\u0142u Prawa, Administracji i Ekonomii Uniwersytetu Wroc\u0142awskiego<\/strong> w godzinach <strong>9:00-15:30<\/strong>.<\/p>\n<p style=\"text-align: center;\">Organizatorami wydarzenia s\u0105:<\/p>\n<ul style=\"text-align: center;\">\n<li>Okr\u0119gowa Izba Radc\u00f3w Prawnych we Wroc\u0142awiu;<\/li>\n<li>Dolno\u015bl\u0105ski Oddzia\u0142 Krajowej Izby Doradc\u00f3w Podatkowych;<\/li>\n<li>Izba Komornicza we Wroc\u0142awiu;<\/li>\n<li>Izba Notarialna we Wroc\u0142awiu;<\/li>\n<li>Katedra Prawa Finansowego Wydzia\u0142u Prawa, Administracji i Ekonomii Uniwersytetu Wroc\u0142awskiego;<\/li>\n<li>Izba Administracji Skarbowej we Wroc\u0142awiu;<\/li>\n<li>Wojew\u00f3dzki S\u0105d Administracyjny we Wroc\u0142awiu.<\/li>\n<\/ul>\n<p style=\"text-align: center;\">Konferencja ma charakter <strong>nieodp\u0142atny<\/strong>, a <strong>wst\u0119p jest bez konieczno\u015bci wcze\u015bniejszych zapis\u00f3w<\/strong>.<\/p>\n<p style=\"text-align: center;\"><strong>Z uwagi na ograniczon\u0105 liczb\u0119 miejsc o udziale w konferencji decyduje kolejno\u015b\u0107 przybycia!<\/strong><\/p>\n<p style=\"text-align: center;\">Poni\u017cej szczeg\u00f3\u0142owy program.<\/p>\n<p style=\"text-align: center;\">Zapraszamy!<\/p>\n<p style=\"text-align: center;\"><a href=\"http:\/\/izba.wroclawska.komornik.pl\/wp-content\/uploads\/2026\/09\/Program_III_Konferencja_Podatkowa_15_10_26-scaled.jpg\"><img loading=\"lazy\" decoding=\"async\" class=\"alignnone size-full wp-image-3094\" src=\"http:\/\/izba.wroclawska.komornik.pl\/wp-content\/uploads\/2026\/09\/Program_III_Konferencja_Podatkowa_15_10_26-scaled.jpg\" alt=\"\" width=\"1798\" height=\"2560\" srcset=\"https:\/\/izba.wroclawska.komornik.pl\/wp-content\/uploads\/2026\/09\/Program_III_Konferencja_Podatkowa_15_10_26-scaled.jpg 1798w, https:\/\/izba.wroclawska.komornik.pl\/wp-content\/uploads\/2026\/09\/Program_III_Konferencja_Podatkowa_15_10_26-211x300.jpg 211w, https:\/\/izba.wroclawska.komornik.pl\/wp-content\/uploads\/2026\/09\/Program_III_Konferencja_Podatkowa_15_10_26-719x1024.jpg 719w, https:\/\/izba.wroclawska.komornik.pl\/wp-content\/uploads\/2026\/09\/Program_III_Konferencja_Podatkowa_15_10_26-768x1093.jpg 768w, https:\/\/izba.wroclawska.komornik.pl\/wp-content\/uploads\/2026\/09\/Program_III_Konferencja_Podatkowa_15_10_26-1079x1536.jpg 1079w, https:\/\/izba.wroclawska.komornik.pl\/wp-content\/uploads\/2026\/09\/Program_III_Konferencja_Podatkowa_15_10_26-1439x2048.jpg 1439w\" sizes=\"auto, (max-width: 1798px) 100vw, 1798px\" \/><\/a><\/p>\n","protected":false},"excerpt":{"rendered":"<p>III Konferencja Podatkowa pt. \u201eDzia\u0142alno\u015b\u0107 gospodarcza w prawie podatkowym\u201d 15 pa\u017adziernika 2026 r. Zapraszamy na III Konferencj\u0119 Podatkow\u0105 pt. \u201eDzia\u0142alno\u015b\u0107 [&hellip;]<\/p>\n","protected":false},"author":81,"featured_media":3094,"comment_status":"closed","ping_status":"closed","sticky":false,"template":"","format":"standard","meta":{"footnotes":""},"categories":[12],"tags":[],"class_list":["post-3093","post","type-post","status-publish","format-standard","has-post-thumbnail","hentry","category-aktualnosci"],"_links":{"self":[{"href":"https:\/\/izba.wroclawska.komornik.pl\/index.php?rest_route=\/wp\/v2\/posts\/3093","targetHints":{"allow":["GET"]}}],"collection":[{"href":"https:\/\/izba.wroclawska.komornik.pl\/index.php?rest_route=\/wp\/v2\/posts"}],"about":[{"href":"https:\/\/izba.wroclawska.komornik.pl\/index.php?rest_route=\/wp\/v2\/types\/post"}],"author":[{"embeddable":true,"href":"https:\/\/izba.wroclawska.komornik.pl\/index.php?rest_route=\/wp\/v2\/users\/81"}],"replies":[{"embeddable":true,"href":"https:\/\/izba.wroclawska.komornik.pl\/index.php?rest_route=%2Fwp%2Fv2%2Fcomments&post=3093"}],"version-history":[{"count":1,"href":"https:\/\/izba.wroclawska.komornik.pl\/index.php?rest_route=\/wp\/v2\/posts\/3093\/revisions"}],"predecessor-version":[{"id":3095,"href":"https:\/\/izba.wroclawska.komornik.pl\/index.php?rest_route=\/wp\/v2\/posts\/3093\/revisions\/3095"}],"wp:featuredmedia":[{"embeddable":true,"href":"https:\/\/izba.wroclawska.komornik.pl\/index.php?rest_route=\/wp\/v2\/media\/3094"}],"wp:attachment":[{"href":"https:\/\/izba.wroclawska.komornik.pl\/index.php?rest_route=%2Fwp%2Fv2%2Fmedia&parent=3093"}],"wp:term":[{"taxonomy":"category","embeddable":true,"href":"https:\/\/izba.wroclawska.komornik.pl\/index.php?rest_route=%2Fwp%2Fv2%2Fcategories&post=3093"},{"taxonomy":"post_tag","embeddable":true,"href":"https:\/\/izba.wroclawska.komornik.pl\/index.php?rest_route=%2Fwp%2Fv2%2Ftags&post=3093"}],"curies":[{"name":"wp","href":"https:\/\/api.w.org\/{rel}","templated":true}]}}